{"id":2227,"date":"2015-11-30T10:36:55","date_gmt":"2015-11-30T10:36:55","guid":{"rendered":"http:\/\/congressiconvegni.it\/?p=2227"},"modified":"2016-10-10T14:46:24","modified_gmt":"2016-10-10T14:46:24","slug":"traduzione-lingua-it-dei-segni-e-sottotitolazione-al-convegno-sids","status":"publish","type":"post","link":"https:\/\/congressiconvegni.it\/en\/2015\/11\/traduzione-lingua-it-dei-segni-e-sottotitolazione-al-convegno-sids\/","title":{"rendered":"Traduzione Lingua IT. dei Segni e sottotitolazione al convegno SIDS"},"content":{"rendered":"<p><img decoding=\"async\" class=\"alignnone  wp-image-2228\" src=\"https:\/\/congressiconvegni.it\/wp-content\/uploads\/2015\/11\/IMG_5624-300x225.jpg\" alt=\"IMG_5624\" width=\"234\" height=\"176\" \/>\u00a0 \u00a0 \u00a0 \u00a0 \u00a0 \u00a0 \u00a0 \u00a0 \u00a0 \u00a0 \u00a0 \u00a0\u00a0<img decoding=\"async\" class=\"wp-image-2237 alignnone\" src=\"https:\/\/congressiconvegni.it\/wp-content\/uploads\/2015\/11\/IMG_5634-300x300.jpg\" alt=\"IMG_5634\" width=\"165\" height=\"165\" srcset=\"https:\/\/congressiconvegni.it\/wp-content\/uploads\/2015\/11\/IMG_5634-300x300.jpg 300w, https:\/\/congressiconvegni.it\/wp-content\/uploads\/2015\/11\/IMG_5634-150x150.jpg 150w, https:\/\/congressiconvegni.it\/wp-content\/uploads\/2015\/11\/IMG_5634-1024x1024.jpg 1024w, https:\/\/congressiconvegni.it\/wp-content\/uploads\/2015\/11\/IMG_5634-50x50.jpg 50w\" sizes=\"(max-width: 165px) 100vw, 165px\" \/><\/p>\n<p>Aula piena per il convegno <strong>\u00a0GIORNATA REGIONALE SIDS, SIUD &amp;ALTE 2015<\/strong>: La morte in culla, la morte del feto a termine di gravidanza e gli eventi minacciosi per la vita del lattante. Aspetti scientifici e sociali\u201d a cui \u00e8 seguita la 3a GIORNATA SPEZZINA SULLE MALATTIE RARE PEDIATRICHE svoltisi Sabato 28 Novembre a La Spezia.<\/p>\n<p>Il convegno, nella sua terza edizione, ha riunito nella stessa giornata <em>due realt\u00e0 rare<\/em> che necessitano entrambe di un approccio multidisciplinare con l\u2019obiettivo di divulgare e mantenere viva l\u2019attenzione proprio su queste patologie che per la loro rarit\u00e0 rischiano di non essere diagnosticate, nonch\u00e9 di aggiornare sulle possibilit\u00e0 diagnostiche e terapeutiche, anche non convenzionali.<\/p>\n<h2>Una sessione interamente dedicata alla sordit\u00e0 congenita,<span style=\"font-size: 16px; line-height: 1.5;\">con interventi dei presidenti delle associazioni dei pazienti che come sempre sono particolarmente\u00a0toccanti per il racconto del loro vissuto, in prima persona o come famigliari.<\/span><\/h2>\n<h2>Il convegno, proprio per questo, \u00e8 stato reso accessibile anche alle persone non udenti, grazie alla\u00a0Traduzione Simultanea nella Lingua Italiana dei Segni LIS e alla trascrizione grafica con servizio di sottotitolazione.<\/h2>\n<h2><a href=\"https:\/\/congressiconvegni.it\/en\/gallery-eventi\/\" target=\"_blank\">&gt;&gt;&gt;Scopri la Galleria delle immagini<\/a><\/h2>","protected":false},"excerpt":{"rendered":"<p>\u00a0 \u00a0 \u00a0 \u00a0 \u00a0 \u00a0 \u00a0 \u00a0 \u00a0 \u00a0 \u00a0 \u00a0\u00a0 Aula piena per il convegno \u00a0GIORNATA REGIONALE SIDS, SIUD &amp;ALTE 2015: La morte in culla, la morte del feto a termine di gravidanza e gli eventi minacciosi per la vita del lattante. Aspetti scientifici e sociali\u201d a cui \u00e8 seguita la 3a GIORNATA [&hellip;]<\/p>","protected":false},"author":2,"featured_media":0,"comment_status":"closed","ping_status":"closed","sticky":false,"template":"","format":"standard","meta":{"jetpack_post_was_ever_published":false,"_jetpack_newsletter_access":"","_jetpack_dont_email_post_to_subs":false,"_jetpack_newsletter_tier_id":0,"_jetpack_memberships_contains_paywalled_content":false,"_jetpack_memberships_contains_paid_content":false,"footnotes":"","jetpack_publicize_message":"","jetpack_publicize_feature_enabled":true,"jetpack_social_post_already_shared":true,"jetpack_social_options":{"image_generator_settings":{"template":"highway","default_image_id":0,"font":"","enabled":false},"version":2}},"categories":[9],"tags":[110,111,112,114,108,109,113],"class_list":["post-2227","post","type-post","status-publish","format-standard","hentry","category-articoli","tag-alte","tag-convegno","tag-lis","tag-malattie-rare","tag-sids","tag-siud","tag-sottotitolazione"],"jetpack_publicize_connections":[],"jetpack_featured_media_url":"","jetpack_shortlink":"https:\/\/wp.me\/p5llZ0-zV","jetpack_sharing_enabled":true,"_links":{"self":[{"href":"https:\/\/congressiconvegni.it\/en\/wp-json\/wp\/v2\/posts\/2227","targetHints":{"allow":["GET"]}}],"collection":[{"href":"https:\/\/congressiconvegni.it\/en\/wp-json\/wp\/v2\/posts"}],"about":[{"href":"https:\/\/congressiconvegni.it\/en\/wp-json\/wp\/v2\/types\/post"}],"author":[{"embeddable":true,"href":"https:\/\/congressiconvegni.it\/en\/wp-json\/wp\/v2\/users\/2"}],"replies":[{"embeddable":true,"href":"https:\/\/congressiconvegni.it\/en\/wp-json\/wp\/v2\/comments?post=2227"}],"version-history":[{"count":0,"href":"https:\/\/congressiconvegni.it\/en\/wp-json\/wp\/v2\/posts\/2227\/revisions"}],"wp:attachment":[{"href":"https:\/\/congressiconvegni.it\/en\/wp-json\/wp\/v2\/media?parent=2227"}],"wp:term":[{"taxonomy":"category","embeddable":true,"href":"https:\/\/congressiconvegni.it\/en\/wp-json\/wp\/v2\/categories?post=2227"},{"taxonomy":"post_tag","embeddable":true,"href":"https:\/\/congressiconvegni.it\/en\/wp-json\/wp\/v2\/tags?post=2227"}],"curies":[{"name":"wp","href":"https:\/\/api.w.org\/{rel}","templated":true}]}}