{"id":3219,"date":"2017-05-06T10:15:07","date_gmt":"2017-05-06T10:15:07","guid":{"rendered":"http:\/\/congressiconvegni.it\/?p=3219"},"modified":"2018-10-21T14:44:21","modified_gmt":"2018-10-21T14:44:21","slug":"2-congresso-inter-regionale-aaiito-piemonte-valle-daosta-e-liguria-aosta-5-6-maggio-2017","status":"publish","type":"post","link":"https:\/\/congressiconvegni.it\/en\/2017\/05\/2-congresso-inter-regionale-aaiito-piemonte-valle-daosta-e-liguria-aosta-5-6-maggio-2017\/","title":{"rendered":"2\u00b0 CONGRESSO INTER-REGIONALE AAIITO PIEMONTE &#8211; VALLE D&#8217;AOSTA E LIGURIA &#8211; AOSTA, 5-6 MAGGIO 2017"},"content":{"rendered":"<p>Il 2\u00b0 Congresso Inter-regionale, che quest\u2019anno si \u00e8 tenuto ad Aosta, ha visto come argomento principale l\u2019analisi dell\u2019incremento epidemiologico delle allergopatie , con conseguente aumento nelle richieste di visite e consulenze specialistiche Allergologiche. Tutto ci\u00f2 ha comportato la necessit\u00e0 di una pi\u00f9 stretta collaborazione, un continuo aggiornamento ed una diretta comunicazione tra Medici Specialisti Allergologi e Medici di Medicina Generale.<\/p>\n<p>[mk_gallery images=&#8221;2909,2908,2907,2906&#8243; height=&#8221;200&#8243;]<\/p>","protected":false},"excerpt":{"rendered":"<p>Il 2\u00b0 Congresso Inter-regionale, che quest\u2019anno si \u00e8 tenuto ad Aosta, ha visto come argomento principale l\u2019analisi dell\u2019incremento epidemiologico delle allergopatie , con conseguente aumento nelle richieste di visite e consulenze specialistiche Allergologiche. Tutto ci\u00f2 ha comportato la necessit\u00e0 di una pi\u00f9 stretta collaborazione, un continuo aggiornamento ed una diretta comunicazione tra Medici Specialisti Allergologi [&hellip;]<\/p>","protected":false},"author":2,"featured_media":2907,"comment_status":"closed","ping_status":"closed","sticky":false,"template":"","format":"standard","meta":{"jetpack_post_was_ever_published":false,"_jetpack_newsletter_access":"","_jetpack_dont_email_post_to_subs":false,"_jetpack_newsletter_tier_id":0,"_jetpack_memberships_contains_paywalled_content":false,"_jetpack_memberships_contains_paid_content":false,"footnotes":"","jetpack_publicize_message":"","jetpack_publicize_feature_enabled":true,"jetpack_social_post_already_shared":false,"jetpack_social_options":{"image_generator_settings":{"template":"highway","default_image_id":0,"font":"","enabled":false},"version":2}},"categories":[284],"tags":[],"class_list":["post-3219","post","type-post","status-publish","format-standard","has-post-thumbnail","hentry","category-portfolio"],"jetpack_publicize_connections":[],"jetpack_featured_media_url":"https:\/\/congressiconvegni.it\/wp-content\/uploads\/2015\/06\/18422156_1856486347951471_6505174332034078904_o.jpg","jetpack_shortlink":"https:\/\/wp.me\/p5llZ0-PV","jetpack_sharing_enabled":true,"_links":{"self":[{"href":"https:\/\/congressiconvegni.it\/en\/wp-json\/wp\/v2\/posts\/3219","targetHints":{"allow":["GET"]}}],"collection":[{"href":"https:\/\/congressiconvegni.it\/en\/wp-json\/wp\/v2\/posts"}],"about":[{"href":"https:\/\/congressiconvegni.it\/en\/wp-json\/wp\/v2\/types\/post"}],"author":[{"embeddable":true,"href":"https:\/\/congressiconvegni.it\/en\/wp-json\/wp\/v2\/users\/2"}],"replies":[{"embeddable":true,"href":"https:\/\/congressiconvegni.it\/en\/wp-json\/wp\/v2\/comments?post=3219"}],"version-history":[{"count":0,"href":"https:\/\/congressiconvegni.it\/en\/wp-json\/wp\/v2\/posts\/3219\/revisions"}],"wp:featuredmedia":[{"embeddable":true,"href":"https:\/\/congressiconvegni.it\/en\/wp-json\/wp\/v2\/media\/2907"}],"wp:attachment":[{"href":"https:\/\/congressiconvegni.it\/en\/wp-json\/wp\/v2\/media?parent=3219"}],"wp:term":[{"taxonomy":"category","embeddable":true,"href":"https:\/\/congressiconvegni.it\/en\/wp-json\/wp\/v2\/categories?post=3219"},{"taxonomy":"post_tag","embeddable":true,"href":"https:\/\/congressiconvegni.it\/en\/wp-json\/wp\/v2\/tags?post=3219"}],"curies":[{"name":"wp","href":"https:\/\/api.w.org\/{rel}","templated":true}]}}