{"id":3239,"date":"2016-11-21T10:50:48","date_gmt":"2016-11-21T10:50:48","guid":{"rendered":"http:\/\/congressiconvegni.it\/?p=3239"},"modified":"2018-10-21T14:41:43","modified_gmt":"2018-10-21T14:41:43","slug":"1-congresso-inter-regionale-aaiito-liguria-piemonte-e-valle-daosta-30-9-1-10-2016","status":"publish","type":"post","link":"https:\/\/congressiconvegni.it\/en\/2016\/11\/1-congresso-inter-regionale-aaiito-liguria-piemonte-e-valle-daosta-30-9-1-10-2016\/","title":{"rendered":"1\u00b0 CONGRESSO INTER-REGIONALE AAIITO LIGURIA PIEMONTE E VALLE D&#8217;AOSTA &#8211; 30\/9 &#8211; 1\/10 2016"},"content":{"rendered":"<p>Le malattie allergiche sono in aumento in tutti i paesi occidentali e rappresentano, oramai, in Italia, la terza patologia cronica. Tali patologie richiedono un notevole sforzo da parte dei medici di Medicina Generale e spesso non trovano risposte rapide dallo specialista allergologo, determinando un\u2019inappropriata gestione del paziente allergico. La carenza di risposta alle necessit\u00e0 dei pazienti allergici stride con i recenti progressi nel campo della ricerca farmaceutica e nella capacit\u00e0 di diagnostica molecolare allergologica, che consentirebbero un adeguato controllo delle allergie.<\/p>\n<p>Nasce, pertanto, la necessit\u00e0 di un continuo aggiornamento degli operatori sanitari che agiscono in ambito allergologico e di una condivisione di un progetto per la gestione del paziente allergico. Difatti, solo attraverso una diagnosi precoce, la prevenzione delle complicanze delle allergopatie, questo paziente pu\u00f2 aspirare ad ottenere una migliore qualit\u00e0 della vita.<\/p>\n<p>IL CONVEGNO \u00c8 UN UP TO DATE SCIENTIFICO CHE AFFRONTA LE PROBLEMATICHE RIGUARDANTI I VARI ASPETTI DELLA MALATTIA ALLERGICA, NON ULTIMO L\u2019ALLERGIA ALIMENTARE, PATOLOGIA CHE HA UN COS\u00cc GRANDE IMPATTO SULLA SALUTE PUBBLICA E RAPPRESENTA, ANCORA OGGI, LA CAUSA PI\u00d9 COMUNE DI ACCESSO NEI DIPARTIMENTI DI EMERGENZA.<\/p>\n<p>Durante il convegno, grazie al confronto delle esperienze dei diversi sistemi sanitari regionali, si tenter\u00e0 di individuare, assieme ai partecipanti, un modello di management clinico diagnostico e terapeutico, basato sulle pi\u00f9 recenti linee guida. Durante il convegno sar\u00e0 pure affrontato un tema di crescente interesse, qual \u00e8 la progettazione del Verde Urbano. Questa richiederebbe un maggiore coinvolgimento dello specialista allergologo, al fine di ridurre l\u2019utilizzo di piante arboree altamente allergeniche quali, ad esempio, cipressi, noccioli e olivi. Inoltre andrebbe operato un controllo specifico sulla diffusione di piante erbacee quali graminacee e parietaria.<\/p>\n<p>L\u2019evento \u00e8 rivolto a: Medici nelle discipline: Allergologia e Immunologia clinica, Dermatologia, Malattie dell\u2019apparato respiratorio, Medicina e Chirurgia di accettazione e di urgenza, Medicina Generale, Medicina Interna, Pediatria, Pediatria di libera scelta. Dietiste.<\/p>\n<p>&nbsp;<\/p>\n<p>[mk_gallery images=&#8221;2741,2742,2743,2744,2745,2746,2747,2748,2749,2750&#8243; height=&#8221;200&#8243;]<\/p>","protected":false},"excerpt":{"rendered":"<p>Le malattie allergiche sono in aumento in tutti i paesi occidentali e rappresentano, oramai, in Italia, la terza patologia cronica. Tali patologie richiedono un notevole sforzo da parte dei medici di Medicina Generale e spesso non trovano risposte rapide dallo specialista allergologo, determinando un\u2019inappropriata gestione del paziente allergico. La carenza di risposta alle necessit\u00e0 dei [&hellip;]<\/p>","protected":false},"author":2,"featured_media":2744,"comment_status":"closed","ping_status":"closed","sticky":false,"template":"","format":"standard","meta":{"jetpack_post_was_ever_published":false,"_jetpack_newsletter_access":"","_jetpack_dont_email_post_to_subs":false,"_jetpack_newsletter_tier_id":0,"_jetpack_memberships_contains_paywalled_content":false,"_jetpack_memberships_contains_paid_content":false,"footnotes":"","jetpack_publicize_message":"","jetpack_publicize_feature_enabled":true,"jetpack_social_post_already_shared":false,"jetpack_social_options":{"image_generator_settings":{"template":"highway","default_image_id":0,"font":"","enabled":false},"version":2}},"categories":[284],"tags":[],"class_list":["post-3239","post","type-post","status-publish","format-standard","has-post-thumbnail","hentry","category-portfolio"],"jetpack_publicize_connections":[],"jetpack_featured_media_url":"https:\/\/congressiconvegni.it\/wp-content\/uploads\/2015\/06\/14502960_1830433153843267_3719961227469068471_n.jpg","jetpack_shortlink":"https:\/\/wp.me\/p5llZ0-Qf","jetpack_sharing_enabled":true,"_links":{"self":[{"href":"https:\/\/congressiconvegni.it\/en\/wp-json\/wp\/v2\/posts\/3239","targetHints":{"allow":["GET"]}}],"collection":[{"href":"https:\/\/congressiconvegni.it\/en\/wp-json\/wp\/v2\/posts"}],"about":[{"href":"https:\/\/congressiconvegni.it\/en\/wp-json\/wp\/v2\/types\/post"}],"author":[{"embeddable":true,"href":"https:\/\/congressiconvegni.it\/en\/wp-json\/wp\/v2\/users\/2"}],"replies":[{"embeddable":true,"href":"https:\/\/congressiconvegni.it\/en\/wp-json\/wp\/v2\/comments?post=3239"}],"version-history":[{"count":0,"href":"https:\/\/congressiconvegni.it\/en\/wp-json\/wp\/v2\/posts\/3239\/revisions"}],"wp:featuredmedia":[{"embeddable":true,"href":"https:\/\/congressiconvegni.it\/en\/wp-json\/wp\/v2\/media\/2744"}],"wp:attachment":[{"href":"https:\/\/congressiconvegni.it\/en\/wp-json\/wp\/v2\/media?parent=3239"}],"wp:term":[{"taxonomy":"category","embeddable":true,"href":"https:\/\/congressiconvegni.it\/en\/wp-json\/wp\/v2\/categories?post=3239"},{"taxonomy":"post_tag","embeddable":true,"href":"https:\/\/congressiconvegni.it\/en\/wp-json\/wp\/v2\/tags?post=3239"}],"curies":[{"name":"wp","href":"https:\/\/api.w.org\/{rel}","templated":true}]}}