{"id":3243,"date":"2016-06-18T10:59:07","date_gmt":"2016-06-18T10:59:07","guid":{"rendered":"http:\/\/congressiconvegni.it\/?p=3243"},"modified":"2018-12-05T13:46:23","modified_gmt":"2018-12-05T13:46:23","slug":"2-congresso-aic-italia-roma-18-giugno-2016-nuove-prospettive-del-trattamento-implanto-protesico","status":"publish","type":"post","link":"https:\/\/congressiconvegni.it\/en\/2016\/06\/2-congresso-aic-italia-roma-18-giugno-2016-nuove-prospettive-del-trattamento-implanto-protesico\/","title":{"rendered":"&#8220;NUOVE PROSPETTIVE DEL TRATTAMENTO IMPLANTO-PROTESICO&#8221; &#8211;  ROMA, 18 GIUGNO 2016 &#8211;"},"content":{"rendered":"<p>Il 2\u00b0 Congresso AIC Italia quest\u2019anno si terr\u00e0 il 18 GIUGNO a Roma in concomitanza con l\u2019 OSSTEM WORLD MEETING 2016.<\/p>\n<p>\u201cIL TEMA DELLE RELAZIONI E LA QUALIT\u00c0 DEGLI SPEAKER DARANNO VITA AD UN EVENTO DI PRIMISSIMO PIANO IN UN CONTESTO INTERNAZIONALE. ALLA SESSIONE PRINCIPALE PER ODONTOIATRI SE NE AFFIANCHER\u00c0 UNA PER ASSISTENTI ALLA POLTRONA CON ARGOMENTI DALLA SPICCATA RILEVANZA PRATICA.<br \/>\nLA BELLEZZA DELLA CITT\u00c0, NELL\u2019ANNO DEL GIUBILEO STRAORDINARIO, \u00c8 UN VALORE AGGIUNTO AD UN CONGRESSO CHE TRATTER\u00c0 TEMI DI AMPIO INTERESSE. PARTECIPARE A QUESTO EVENTO SAR\u00c0 L\u2019OCCASIONE ANCHE PER VIVERE L\u2019ATMOSFERA DELLA COMMUNITY SCIENTIFICA, FARE NUOVE AMICIZIE E RINNOVARNE DI PASSATE.\u201d (DR. FABRIZIO BELLEGGIA \u2013 PRESIDENTE OSSTEM AIC ITALIA).<\/p>\n<p>&nbsp;<\/p>\n<p>[mk_gallery images=&#8221;2502,2509,2512,2510,2521,2511,2513,2514,2515,2517,2516,2518,2519,2520&#8243; height=&#8221;200&#8243;]<\/p>","protected":false},"excerpt":{"rendered":"<p>Il 2\u00b0 Congresso AIC Italia quest\u2019anno si terr\u00e0 il 18 GIUGNO a Roma in concomitanza con l\u2019 OSSTEM WORLD MEETING 2016. \u201cIL TEMA DELLE RELAZIONI E LA QUALIT\u00c0 DEGLI SPEAKER DARANNO VITA AD UN EVENTO DI PRIMISSIMO PIANO IN UN CONTESTO INTERNAZIONALE. ALLA SESSIONE PRINCIPALE PER ODONTOIATRI SE NE AFFIANCHER\u00c0 UNA PER ASSISTENTI ALLA POLTRONA [&hellip;]<\/p>","protected":false},"author":2,"featured_media":2506,"comment_status":"closed","ping_status":"closed","sticky":false,"template":"","format":"standard","meta":{"jetpack_post_was_ever_published":false,"_jetpack_newsletter_access":"","_jetpack_dont_email_post_to_subs":false,"_jetpack_newsletter_tier_id":0,"_jetpack_memberships_contains_paywalled_content":false,"_jetpack_memberships_contains_paid_content":false,"footnotes":"","jetpack_publicize_message":"","jetpack_publicize_feature_enabled":true,"jetpack_social_post_already_shared":false,"jetpack_social_options":{"image_generator_settings":{"template":"highway","default_image_id":0,"font":"","enabled":false},"version":2}},"categories":[284],"tags":[],"class_list":["post-3243","post","type-post","status-publish","format-standard","has-post-thumbnail","hentry","category-portfolio"],"jetpack_publicize_connections":[],"jetpack_featured_media_url":"https:\/\/congressiconvegni.it\/wp-content\/uploads\/2015\/06\/13691073_1802338413319408_387214539172323976_o.jpg","jetpack_shortlink":"https:\/\/wp.me\/p5llZ0-Qj","jetpack_sharing_enabled":true,"_links":{"self":[{"href":"https:\/\/congressiconvegni.it\/en\/wp-json\/wp\/v2\/posts\/3243","targetHints":{"allow":["GET"]}}],"collection":[{"href":"https:\/\/congressiconvegni.it\/en\/wp-json\/wp\/v2\/posts"}],"about":[{"href":"https:\/\/congressiconvegni.it\/en\/wp-json\/wp\/v2\/types\/post"}],"author":[{"embeddable":true,"href":"https:\/\/congressiconvegni.it\/en\/wp-json\/wp\/v2\/users\/2"}],"replies":[{"embeddable":true,"href":"https:\/\/congressiconvegni.it\/en\/wp-json\/wp\/v2\/comments?post=3243"}],"version-history":[{"count":0,"href":"https:\/\/congressiconvegni.it\/en\/wp-json\/wp\/v2\/posts\/3243\/revisions"}],"wp:featuredmedia":[{"embeddable":true,"href":"https:\/\/congressiconvegni.it\/en\/wp-json\/wp\/v2\/media\/2506"}],"wp:attachment":[{"href":"https:\/\/congressiconvegni.it\/en\/wp-json\/wp\/v2\/media?parent=3243"}],"wp:term":[{"taxonomy":"category","embeddable":true,"href":"https:\/\/congressiconvegni.it\/en\/wp-json\/wp\/v2\/categories?post=3243"},{"taxonomy":"post_tag","embeddable":true,"href":"https:\/\/congressiconvegni.it\/en\/wp-json\/wp\/v2\/tags?post=3243"}],"curies":[{"name":"wp","href":"https:\/\/api.w.org\/{rel}","templated":true}]}}