{"id":3251,"date":"2015-11-28T11:16:13","date_gmt":"2015-11-28T11:16:13","guid":{"rendered":"http:\/\/congressiconvegni.it\/?p=3251"},"modified":"2018-10-21T14:39:56","modified_gmt":"2018-10-21T14:39:56","slug":"convegno-regionale-sids-siud-alte-2015-la-spezia-28-novembre-2015","status":"publish","type":"post","link":"https:\/\/congressiconvegni.it\/en\/2015\/11\/convegno-regionale-sids-siud-alte-2015-la-spezia-28-novembre-2015\/","title":{"rendered":"CONVEGNO REGIONALE SIDS, SIUD &#038; ALTE 2015 &#8211; LA SPEZIA, 28 NOVEMBRE 2015"},"content":{"rendered":"<p>La morte in culla, la morte del feto al termine di una gravidanza e gli eventi minacciosi per la vita del lattante; aggiornamenti sulle possibilit\u00e0 diagnostiche e terapeutiche.<\/p>\n<p>l convegno, che riunisce nella stessa giornata due realt\u00e0 rare, una delle quali ben distinta, ma che comunque necessitano di un approccio multidisciplinare, ha la finalit\u00e0 di divulgare e mantenere viva l\u2019attenzione proprio su queste patologie che per la loro rarit\u00e0 rischiano di non essere diagnosticate, nonch\u00e9 di aggiornare sulle possibilit\u00e0 diagnostiche e terapeutiche, anche non convenzionali.<\/p>\n<p>E\u2019 prevista la Traduzione Simultanea nella Lingua Italiana dei Segni LIS e con trascrizione grafica.<\/p>\n<p>L\u2019evento e\u2019 accreditato ECM per tutte le professioni sanitarie.<\/p>\n<p>Per gli iscritti al 2\u00b0 e 3\u00b0 anno del Corso di Laurea in Infermieristica- Polo di La Spezia\u2013 la partecipazione alle sessioni verr\u00e0 accreditata come formazione. E\u2019 comunque necessario compilare e firmare la scheda di iscrizione.<\/p>\n<p>&nbsp;<\/p>\n<p>[mk_gallery images=&#8221;2321,2322,2324,2325,2327,2328,2329,2330,2331,2333,2334,2323&#8243; height=&#8221;200&#8243;]<\/p>","protected":false},"excerpt":{"rendered":"<p>La morte in culla, la morte del feto al termine di una gravidanza e gli eventi minacciosi per la vita del lattante; aggiornamenti sulle possibilit\u00e0 diagnostiche e terapeutiche. l convegno, che riunisce nella stessa giornata due realt\u00e0 rare, una delle quali ben distinta, ma che comunque necessitano di un approccio multidisciplinare, ha la finalit\u00e0 di [&hellip;]<\/p>","protected":false},"author":2,"featured_media":2322,"comment_status":"closed","ping_status":"closed","sticky":false,"template":"","format":"standard","meta":{"jetpack_post_was_ever_published":false,"_jetpack_newsletter_access":"","_jetpack_dont_email_post_to_subs":false,"_jetpack_newsletter_tier_id":0,"_jetpack_memberships_contains_paywalled_content":false,"_jetpack_memberships_contains_paid_content":false,"footnotes":"","jetpack_publicize_message":"","jetpack_publicize_feature_enabled":true,"jetpack_social_post_already_shared":false,"jetpack_social_options":{"image_generator_settings":{"template":"highway","default_image_id":0,"font":"","enabled":false},"version":2}},"categories":[284],"tags":[],"class_list":["post-3251","post","type-post","status-publish","format-standard","has-post-thumbnail","hentry","category-portfolio"],"jetpack_publicize_connections":[],"jetpack_featured_media_url":"https:\/\/congressiconvegni.it\/wp-content\/uploads\/2015\/06\/IMG_5624.jpg","jetpack_shortlink":"https:\/\/wp.me\/p5llZ0-Qr","jetpack_sharing_enabled":true,"_links":{"self":[{"href":"https:\/\/congressiconvegni.it\/en\/wp-json\/wp\/v2\/posts\/3251","targetHints":{"allow":["GET"]}}],"collection":[{"href":"https:\/\/congressiconvegni.it\/en\/wp-json\/wp\/v2\/posts"}],"about":[{"href":"https:\/\/congressiconvegni.it\/en\/wp-json\/wp\/v2\/types\/post"}],"author":[{"embeddable":true,"href":"https:\/\/congressiconvegni.it\/en\/wp-json\/wp\/v2\/users\/2"}],"replies":[{"embeddable":true,"href":"https:\/\/congressiconvegni.it\/en\/wp-json\/wp\/v2\/comments?post=3251"}],"version-history":[{"count":0,"href":"https:\/\/congressiconvegni.it\/en\/wp-json\/wp\/v2\/posts\/3251\/revisions"}],"wp:featuredmedia":[{"embeddable":true,"href":"https:\/\/congressiconvegni.it\/en\/wp-json\/wp\/v2\/media\/2322"}],"wp:attachment":[{"href":"https:\/\/congressiconvegni.it\/en\/wp-json\/wp\/v2\/media?parent=3251"}],"wp:term":[{"taxonomy":"category","embeddable":true,"href":"https:\/\/congressiconvegni.it\/en\/wp-json\/wp\/v2\/categories?post=3251"},{"taxonomy":"post_tag","embeddable":true,"href":"https:\/\/congressiconvegni.it\/en\/wp-json\/wp\/v2\/tags?post=3251"}],"curies":[{"name":"wp","href":"https:\/\/api.w.org\/{rel}","templated":true}]}}